{"id":1123,"date":"2018-09-09T08:19:00","date_gmt":"2018-09-09T08:19:00","guid":{"rendered":"http:\/\/www.randian.art\/?p=1123"},"modified":"2022-09-20T07:59:11","modified_gmt":"2022-09-20T07:59:11","slug":"rachel-lehmann-interview","status":"publish","type":"post","link":"http:\/\/www.randian.art\/zh-hans\/rachel-lehmann-interview\/","title":{"rendered":"Rachel Lehmann \u2013 interview"},"content":{"rendered":"\n<p>by Chris Moore <em>2018.09.25<\/em><\/p>\n\n\n\n<p>Undercurrent voices: an interview with gallerist Rachel Lehmann on how she became a gallerist, the artists she has worked with, Korea and Hong Kong<\/p>\n\n\n\n<p><strong>Sitting at a small table in the Lehmann Maupin booth at Art Basel Hong Kong, Chris Moore spoke with Rachel Lehmann about how she became involved with art, galleries and Hong Kong. It was Saturday afternoon and the booth was very crowded. There were constant interruptions from visitors, friends and staff, with David Maupin\u2019s voice constantly in the background, on the phone or chatting with a collector.&nbsp;<\/strong><\/p>\n\n\n\n<p><strong>Chris Moore: How did you become involved in art?<\/strong><\/p>\n\n\n\n<p><strong>Rachel Lehmann<\/strong>: Oh my god! I actually started by writing poetry. I was very young, I don\u2019t know if 13, expressing myself through writing. So it was terrible! My parents were collecting\u2014not really collectors but collecting\u2014old Meissen porcelain. So I didn\u2019t get the support [for artistic pursuits]. I threw everything away but\u2026<\/p>\n\n\n\n<figure class=\"wp-block-image\"><img decoding=\"async\" src=\"http:\/\/www.randian-online.com\/wp-content\/uploads\/2018\/09\/Rachel-Lehmann-and-David-Maupin-2018-528x660.jpg\" alt=\"Rachel Lehmann and David Maupin at their gallery, 2018\" class=\"wp-image-99894\"\/><figcaption>Rachel Lehmann and David Maupin at their gallery, 2018<\/figcaption><\/figure>\n\n\n\n<p><strong>CM: \u2014What, you threw away the Meissen or the poetry?<\/strong><\/p>\n\n\n\n<p><strong>RL<\/strong>: I threw away the poetry! As a matter of fact, I started writing again recently, 6 months ago, first just reminders, and it turned into taking notes, and I realised how much satisfaction it gives me. So it really was poetry which got me started. Secondly, I was in high school in Germany, in Frankfurt. This is Germany not so long after the Second World War and there was a vacuum between history\u2026let\u2019s say from 1920 to until the Second World War. They were not yet prepared to talk about the Second World War up to the present. And I got very lucky. The teacher we had used to take us to artist studios instead of giving us current history. So, I think I had a need to do something which was coming from a different place. I was very visual. I was born in Ethiopia, in Asmara, where I\u2019ve seen a lot of colors, a lot of beautiful sceneries. I grew up there.<\/p>\n\n\n\n<figure class=\"wp-block-image\"><img decoding=\"async\" src=\"http:\/\/www.randian-online.com\/wp-content\/uploads\/2018\/09\/Rachel-Lehmann-portrait-by-Candida-Hoefer-hr-copy-528x377.jpg\" alt=\"Portrait of Rachel Lehmann by Candida H\u00f6fer\" class=\"wp-image-99709\"\/><figcaption>Portrait of Rachel Lehmann by Candida H\u00f6fer<\/figcaption><\/figure>\n\n\n\n<p><strong>CM:&nbsp;Why were you born and grew up in Asmara?<\/strong><\/p>\n\n\n\n<p><strong>RL<\/strong>: My parents got married in Berlin. They wanted to live an adventure and leave behind Europe and the Second World War. They left for Asmara. I started elementary school back in Germany. They left because Mengistu was gaining power in Ethiopia. [revolutionary and dictator of Ethiopia 1977-1987]<\/p>\n\n\n\n<p><strong>CM: So, your high-school teacher would take the class to artist studios \u2014 any particular artists?<\/strong><\/p>\n\n\n\n<p><strong>RL<\/strong>: I don\u2019t even remember to be honest. A lot of young artists. It was an interesting moment in Germany because a lot of intellectuals either [had] died or left during the Second World War and that vacuum was filled with visual art, as you know, from Baselitz to Kiefer to Richter, all of these artists after the war, these people who were feeling this kind of need. So this is how I got interested [in art]. So when I finished high school I told my parents that I wanted to go into the arts. And they told me I was completely crazy. They said, why don\u2019t you do something that makes more sense and do art more on the side. They were basically pushing it away. So I did political science and economics in Switzerland but I remained super interested in the arts. I was selling shoes in the summer to buy a little drawing and I started travelling in the summers to New York, because you have to imagine that Switzerland, at the time, really didn\u2019t have any international contemporary art, and I was an international person who wanted to see outside the Swiss landscape, the contemporary art landscape.<\/p>\n\n\n\n<figure class=\"wp-block-image\"><img decoding=\"async\" src=\"http:\/\/www.randian-online.com\/wp-content\/uploads\/2018\/09\/DM-+-RL_1997-copy-528x668.jpg\" alt=\"Rachel Lehmann &amp; David Maupin, 1997\" class=\"wp-image-99705\"\/><figcaption>Rachel Lehmann &amp; David Maupin, 1997<\/figcaption><\/figure>\n\n\n\n<p><strong>CM: Hard to believe today.<\/strong><\/p>\n\n\n\n<p><strong>RL<\/strong>: Totally hard to believe! So this was how I got to know some of the major galleries at the time, like Sonnabend, and in France, particularly Paris, Paris was the big city to the small provincial country like Switzerland is, or was at the time. And I started working with a gallery that is not there any more [Gallery Mont\u00e9n\u00e8y Giroux], which was run by Marie Helene Mont\u00e9n\u00e8y, and I was very close to Mrs Sonnabend [Ileana Sonnabend, 1914-2007], whom I am sure you know by reputation, and who in the 70s had a galleries in Geneva and in Paris.<\/p>\n\n\n\n<p><strong>CM: She was really ahead of her time.<\/strong><\/p>\n\n\n\n<p><strong>RL<\/strong>: Oh absolutely ahead of her time! It\u2019s so interesting: people remember the Castelli brand but she was, well because she was a woman\u2026<\/p>\n\n\n\n<p><strong>CM: Well really, she educated him.<\/strong><\/p>\n\n\n\n<p><strong>RL<\/strong>: That\u2019s what I would like to say! So, this was the 70s. I did not see the gallery in Geneva but I did see the gallery in Paris. But the big thing for me was New York. I used to arrive on Friday afternoon and go straight to Soho and look at the galleries. I didn\u2019t study art history. I never went back to school. I read vividly, I looked vividly.<\/p>\n\n\n\n<figure class=\"wp-block-image\"><img decoding=\"async\" src=\"http:\/\/www.randian-online.com\/wp-content\/uploads\/2018\/09\/MR-LMG-2007-Party-0620-copy-528x794.jpg\" alt=\"Mr., Rachel Lehmann, David Maupin, Mr. Opening at Lehmann Maupin, 2007\" class=\"wp-image-99708\"\/><figcaption>Mr., Rachel Lehmann, David Maupin, Mr. Opening at Lehmann Maupin, 2007<\/figcaption><\/figure>\n\n\n\n<p>I knew that I wanted to go to New York at some point. I was offered a job at Chemical Bank \u2013 it doesn\u2019t exist anymore! \u2013 [and moved to New York]. At that time I met my husband [Jean-Pierre Lehmann] at the Sonnabend gallery. He had an office in Geneva, he was working at the time managing the holding of Edmond de Rothschild, and he was looking, for a tax specialist. Now, I did political science and economics, and I was going to do \u2013&nbsp;<em>I never did it I just started&nbsp;<\/em>\u2013 a thesis about Luxembourg as a tax entity at the time. About taxes and companies. Which obviously, it was not&nbsp;<em>me<\/em>and I let it go! But somehow he was talking to someone and saying he needed someone with a tax background for Geneva. And they said, well you know there is this woman there, she should is an expert! So they introduced me and I was dying laughing, I was&nbsp;<em>No<\/em>expert! No idea about taxes! But this was how I met my husband. This was a long time ago! This was end of the 70s. Finally, he said, Rachel, come! So we moved to Switzerland, got married. My husband was collecting art already. So this is bringing me exactly to 1980 when I start collecting with my husband. We were both travelling a lot and we were buying in New York. At the time we had a feeling that Europe was \u2018second class\u2019. We had crazy things. We had a 16th Century \/ 18th Century apartment in Geneva. You have not seen an apartment with such audacious things! And then in 1988 my neighbor, Christian de Saussure, do you know?<\/p>\n\n\n\n<p><strong>CM: \u2014as in the linguist-semiotician?<\/strong><\/p>\n\n\n\n<p><strong>RL<\/strong>: Yes! The same family! Because you have to understand that Geneva was a very Calvinist place with little understanding for the arts. They hated contemporary art! [But] this family had a different attitude&nbsp;<em>because&nbsp;<\/em>they came from a different background, of philosophy. And that family wanted to have people around them [who were different]\u2014because we were renting a magnificent apartment in one of their buildings in the old town and he was my neighbor. That same guy told me, \u2018You know this gallery in the old town? The&nbsp;owner&nbsp;is called Faust and is leaving for two or three years to South America. She is looking to sublease it\u2014why don\u2019t you rent it and do a gallery? That\u2019s all you do anyhow all the time!\u2019 And I remember&nbsp;<em>so<\/em>well my husband standing there and saying \u2018Don\u2019t do it, don\u2019t do it, you\u2019ll regret it, you\u2019ll regret it!\u201d Obviously, me being me, I said, \u201cOK, I\u2019ll do it!\u201d<\/p>\n\n\n\n<p>That was \u201988. \u2026That is the story. If you talk to a psychiatrist, the psychiatrist will tell you probably nothing is by chance. For me, I was in the arts because I couldn\u2019t do anything else, because I was marginal and miserable. I found a fulfillment in the arts I could not find in anything else. \u2026So the Faust Gallery became Lehmann Gallery in Switzerland. \u2026My first show was a Swiss artist whom you might know, his name was&nbsp;<strong>Not Vital<\/strong>.<\/p>\n\n\n\n<p><strong>CM: Really, that was your first show?<\/strong><\/p>\n\n\n\n<p><strong>RL<\/strong>: Yes. And we showed artists from Wim Delvoye, to Candida H\u00f6fer, to Jeff Koons, to David Salle. I showed a lot of great, great artists that nobody understood.<\/p>\n\n\n\n<p><strong>CM: David Salle still shows with the gallery, doesn\u2019t he?<\/strong><\/p>\n\n\n\n<p><strong>RL<\/strong>: So David Salle&nbsp;was partly how I met David Maupin. I later created a partnership with Metro Pictures and we had a summer gallery called The Offshore in East Hampton and David was working for us as a director. So I worked with him over three summers. He was working with us and he was working for Genny G\u00f6tz, the G\u00f6tz foundation, and having left Mary Boone. Anyhow when we opened the gallery in New York, we started to show&nbsp;<strong>David Salle<\/strong>&nbsp;in partnership with Gagosian.<\/p>\n\n\n\n<p><strong>CM: You opened with David Salle?<\/strong><\/p>\n\n\n\n<p><strong>RL<\/strong>: No. In New York we opened on Greene Street with a show called \u201cMoving Structures\u2019 and it had artists like&nbsp;<strong>Wim Delvoye, Richard Artschwager, Carroll Dunham<\/strong>, and&nbsp;<strong>Tony Oursler<\/strong>.<\/p>\n\n\n\n<p>Later on, we were obviously looking for artists. This is how I discovered&nbsp;<strong>Do Ho Suh<\/strong>, this is how I started working with&nbsp;<strong>Shirazeh Houshiary<\/strong>&nbsp;in the US, because many of my artists from my gallery in Switzerland were taken in New York. So I went into a partnership with Gagosian for David Salle and I went into a partnership with Sonnabend, at that time, for two artists, which were&nbsp;<strong>Gilbert &amp; George<\/strong>, whom we now represent in the US, and&nbsp;<strong>Ashley Bickerton<\/strong>, who we now represent internationally. So Mrs Sonnabend died and Antonio Homem closed the gallery.<\/p>\n\n\n\n<p>David Salle had decided to leave both galleries to show with Mary Boone. Then, many, many years later, we are obviously showing David Salle in Hong Kong. Life goes around.<\/p>\n\n\n\n<figure class=\"wp-block-image\"><img decoding=\"async\" src=\"http:\/\/www.randian-online.com\/wp-content\/uploads\/2018\/09\/AB-LMG-Opening-2011-16-hr-copy-528x792.jpg\" alt=\"Rachel Lehmann, Teresita Fernandez, Ashley Bickerton Opening at Lehmann Maupin, 2011\" class=\"wp-image-99703\"\/><figcaption>Rachel Lehmann, Teresita Fernandez, Ashley Bickerton Opening at Lehmann Maupin, 2011<\/figcaption><\/figure>\n\n\n\n<p><strong>C<\/strong><strong>M: I\u2019d like to move on to China and Hong Kong. What were the motivations for opening in Hong Kong?&nbsp;<\/strong><\/p>\n\n\n\n<p><strong>RL<\/strong>: The mission of the gallery was always to show interesting artists from all over the world. That goes back to Do Ho, to&nbsp;<strong>Lee Bul<\/strong>, to&nbsp;<strong>Mr.<\/strong>, to&nbsp;<strong>Shirazeh Houshiary<\/strong>, Gilbert &amp; George,&nbsp;<strong>Adriana Varej\u00e3o<\/strong>, and so on and so on. We were looking first to open an international gallery in Europe. We realised very soon that there was no reason for us to do something in Europe. We were thinking about Berlin but we quickly realised that the galleries that were already in Berlin would do a better job and a quicker job with our artists than we would ourselves. So the second idea was to do something in Asia, which made complete sense because we had Asian artists and we had been going to Asia since 1980\u2014I remember when we had the show with Gilbert &amp; George, we visited the Toyota Museum in Japan \u2013 it doesn\u2019t exist anymore, it was Toyota, the car company. David Maupin also has quite an international background. His husband is Italian [Stefano Tonchi, editor-in-chief of&nbsp;<em>W<\/em>magazine] and when he was a high-school student in Los Angeles, he lived in Japan on a student exchange program. So going to Asia was for us related to the fact that we work with artists all over the world and we are very deeply interested in Asia but also that we had very personal connections. So the question is why Hong Kong and China, right?<\/p>\n\n\n\n<p><strong>CM: As opposed, for instance, to Tokyo.<\/strong><\/p>\n\n\n\n<p><strong>RL<\/strong>: A couple of things happened in Hong Kong which made us take this decision. The infrastructure was easy, the language was English. You could do business in English. It was the door to China, which is the biggest area of growth and culturally one of the most interesting parts of Asia. You had M+ already in discussion\u00a0<em>and<\/em>you had Art Basel Hong Kong. So it made sense for us that, if we wanted to be active in East Asia, Hong Kong would be the right area. And it was becoming a hub for Western galleries. We had, in particular, something to add to the scene. We took a decision, which I insist was the right decision, not to create a program which is only for Asia or only for Hong Kong. We showed basically all the artists of the gallery. So our message was very clear, very loud and very consistent.<\/p>\n\n\n\n<figure class=\"wp-block-image\"><img decoding=\"async\" src=\"http:\/\/www.randian-online.com\/wp-content\/uploads\/2018\/09\/JT-LMG-2008-Opening-117-hr-copy-528x352.jpg\" alt=\"Rachel Lehmann, Juergen Teller Opening at Lehmann Maupin, 2008\" class=\"wp-image-99707\"\/><figcaption>Rachel Lehmann, Juergen Teller Opening at Lehmann Maupin, 2008<\/figcaption><\/figure>\n\n\n\n<p><strong>CM: You also have a very strong connection to Korea with your line-up of artists and Korea is the other major place where contemporary art is really strong in East Asia.<\/strong><\/p>\n\n\n\n<p><strong>RL<\/strong>: We were looking to show interesting artists who work with several mediums. I like to talk about \u2018contemporary culture\u2019, rather than \u2018contemporary art\u2019. I was looking around and I saw a group show at&nbsp;Yale Universityand I really loved the language of Do Ho Suh. I remember the work very well. It was called \u2018Someone\u2019. It was a wallpaper. From far it was abstract, and near it was small figuration. It was about the idea of the group and the individual. I hopped on a plane and went to Korea. That\u2019s how it happened, because his message was so strong and fitted so well into what we were trying to do \u2013 multimedia, international, contemporary culture, fresh! And then from there came Lee But and then I started going a lot [to Korea]. It was fascinating! Korea was not at all \u2018on the map.\u2019 Tourists were not going to Korea.<\/p>\n\n\n\n<p>This has obviously all changed, and we opened a viewing office in Seoul in December 2017. We recognize the importance of expanding our presence in Asia \u2014 not only to maintain relationships with our artists there, but also to develop them with collectors and curators.<\/p>\n\n\n\n<p>I became fascinated with the earlier period of Korea as well, and the influences between China, Korea and Japan, which were unknown to me. \u2026We have been working for a long time now with the younger generation, so we are now [also] working with the older generation. As a matter of fact, we will have a show of Do Ho\u2019s father [<strong>Suh Se-Ok<\/strong>, b.1929]. He is already well known. He had a show at the Museum of Modern Art in Seoul. He is an ink painter. We will have a show with him in September of 2018. And\u00a0<strong>Kim Guiline<\/strong>\u00a0(b.1936) also suits perfectly with what we are doing because he himself is international. He lives and lived in France, in Paris.<\/p>\n\n\n\n<figure class=\"wp-block-image\"><img decoding=\"async\" src=\"http:\/\/www.randian-online.com\/wp-content\/uploads\/2018\/09\/IMG_7185-copy-528x794.jpg\" alt=\"Rachel Lehmann, Lee Bul Lee Bul Opening at Lehmann Maupin, 2010\" class=\"wp-image-99706\"\/><\/figure>\n\n\n\n<p>Rachel Lehmann, Lee Bul, Lee Bul Opening at Lehmann Maupin, 2010<\/p>\n\n\n\n<p><strong>CM: Final question. Among the strengths of the gallery is very strong female artists \u2014 at least half the program. At the top of the market, that puts you in a very, very rare group. I think only Victoria Miro is doing something similar, even if not quite the same. But at the same time, it is not something you shout about, you just take it for granted. I remember a show at frieze [London, 2015], where every single artist on display was a woman. Was it a deliberate strategy or something that just quietly developed?<\/strong><\/p>\n\n\n\n<p><strong>RL<\/strong>: We were always interested in groups of undercurrent artists and different genders. So artists who were quietly committed and who needed to be heard. The female artists, because of stereotypes, have been very often working for longer, in a quieter way, and in a more committed way. It became clear to us that there is a larger group of female artists who work in this way and are working alone. So those were voices which were important, which were there but which were not heard. So those&nbsp;<em>undercurrent<\/em>voices which really underline\u2014I like what you called\u2014the \u2018shouting voices\u2019. It\u2019s the undercurrent line which really opens up borders for the \u2018shouting\u2019 voices. This is exactly what we did. And we were interested in it!&nbsp;<strong>Mickalene Thomas<\/strong>, for instance, is an artist we have worked with for over 10 years. Her work uses very complex art historic references, intertwined with her own history. We knew she was doing something very important, and the institutional recognition has followed with numerous museum exhibitions in the recent years. I\u2019m happy to say, she will have a museum exhibition in Shanghai in 2020!&nbsp;Now today, we encounter quite a lot of collectors who particularly want to collect women artists because they know that their prices are lower. They know that a lot will change soon.<\/p>\n\n\n\n<p><strong>Ran Dian&nbsp;<\/strong><strong>\u71c3\u70b9<\/strong><\/p>\n\n\n\n<p><\/p>\n\n\n\n<p><\/p>\n\n\n\n<p><\/p>\n\n\n\n<p><\/p>\n","protected":false},"excerpt":{"rendered":"<p>by Chris Moore 2018.09.25 Undercurrent v &hellip; <a href=\"http:\/\/www.randian.art\/zh-hans\/rachel-lehmann-interview\/\">Continue reading <span class=\"meta-nav\">&rarr;<\/span><\/a><\/p>\n","protected":false},"author":2,"featured_media":1124,"comment_status":"open","ping_status":"open","sticky":false,"template":"","format":"standard","meta":[],"categories":[17],"tags":[397,67,247,399,88,400,398,401,364,402,403,35,404,405,406,407,408,409,166,29,239,374,410,411,412,413,414,437,210,211,365,230,229],"yoast_head":"<!-- This site is optimized with the Yoast SEO plugin v20.8 - https:\/\/yoast.com\/wordpress\/plugins\/seo\/ -->\n<title>Rachel Lehmann \u2013 interview - \u71c3\u70b9 Ran Dian<\/title>\n<meta name=\"robots\" content=\"index, follow, max-snippet:-1, max-image-preview:large, max-video-preview:-1\" \/>\n<link rel=\"canonical\" href=\"http:\/\/www.randian.art\/rachel-lehmann-interview\/\" \/>\n<meta property=\"og:locale\" content=\"zh_CN\" \/>\n<meta property=\"og:type\" content=\"article\" \/>\n<meta property=\"og:title\" content=\"Rachel Lehmann \u2013 interview - \u71c3\u70b9 Ran Dian\" \/>\n<meta property=\"og:description\" content=\"by Chris Moore 2018.09.25 Undercurrent v &hellip; Continue reading &rarr;\" \/>\n<meta property=\"og:url\" content=\"http:\/\/www.randian.art\/rachel-lehmann-interview\/\" \/>\n<meta property=\"og:site_name\" content=\"\u71c3\u70b9 Ran Dian\" \/>\n<meta property=\"article:published_time\" content=\"2018-09-09T08:19:00+00:00\" \/>\n<meta property=\"article:modified_time\" content=\"2022-09-20T07:59:11+00:00\" \/>\n<meta property=\"og:image\" content=\"https:\/\/randian-art.s3.ap-east-1.amazonaws.com\/2022\/09\/Rachel-Lehmann-portrait-by-Candida-Hoefer-hr-copy-528x377-1.jpg\" \/>\n\t<meta property=\"og:image:width\" content=\"528\" \/>\n\t<meta property=\"og:image:height\" content=\"377\" \/>\n\t<meta property=\"og:image:type\" content=\"image\/jpeg\" \/>\n<meta name=\"author\" content=\"Christopher Moore\" \/>\n<meta name=\"twitter:card\" content=\"summary_large_image\" \/>\n<meta name=\"twitter:label1\" content=\"\u4f5c\u8005\" \/>\n\t<meta name=\"twitter:data1\" content=\"Christopher Moore\" \/>\n\t<meta name=\"twitter:label2\" content=\"\u9884\u8ba1\u9605\u8bfb\u65f6\u95f4\" \/>\n\t<meta name=\"twitter:data2\" content=\"14\u5206\" \/>\n<script type=\"application\/ld+json\" class=\"yoast-schema-graph\">{\"@context\":\"https:\/\/schema.org\",\"@graph\":[{\"@type\":\"Article\",\"@id\":\"http:\/\/www.randian.art\/rachel-lehmann-interview\/#article\",\"isPartOf\":{\"@id\":\"http:\/\/www.randian.art\/rachel-lehmann-interview\/\"},\"author\":{\"name\":\"Christopher Moore\",\"@id\":\"http:\/\/www.randian.art\/#\/schema\/person\/21b1847a0437023bf9ee1aec41477222\"},\"headline\":\"Rachel Lehmann \u2013 interview\",\"datePublished\":\"2018-09-09T08:19:00+00:00\",\"dateModified\":\"2022-09-20T07:59:11+00:00\",\"mainEntityOfPage\":{\"@id\":\"http:\/\/www.randian.art\/rachel-lehmann-interview\/\"},\"wordCount\":2848,\"commentCount\":0,\"publisher\":{\"@id\":\"http:\/\/www.randian.art\/#organization\"},\"keywords\":[\"Adriana Varej\u00e3o\",\"artist\",\"Ashley Bickerton\",\"Carroll Dunham\",\"Chris Moore\",\"Christian de Saussure\",\"David Maupin\",\"David Salle\",\"gallerist\",\"Gilbert &amp; George\",\"Ileana Sonnabend\",\"interview\",\"Jean-Pierre Lehmann\",\"Kim Guiline\",\"Lee Bul\",\"Marie Helene Mont\u00e9n\u00e8y\",\"MICKALENE THOMAS\",\"MR.\",\"Not Vital\",\"Ran Dian\",\"Ran Dian magazine\",\"randian\",\"Richard Artschwager\",\"Shirazeh Houshiary\",\"Suh Se-Ok\",\"Tony Oursler\",\"WIM DELVOYE\",\"\u58a8\u864e\u607a\",\"\u71c3\u70b9\",\"\u71c3\u70b9 \u6742\u5fd7\",\"\u753b\u5eca\u4e3b\",\"\u827a\u672f\u5bb6\",\"\u9762\u8bd5\"],\"articleSection\":[\"Features\"],\"inLanguage\":\"zh-CN\",\"potentialAction\":[{\"@type\":\"CommentAction\",\"name\":\"Comment\",\"target\":[\"http:\/\/www.randian.art\/rachel-lehmann-interview\/#respond\"]}]},{\"@type\":\"WebPage\",\"@id\":\"http:\/\/www.randian.art\/rachel-lehmann-interview\/\",\"url\":\"http:\/\/www.randian.art\/rachel-lehmann-interview\/\",\"name\":\"Rachel Lehmann \u2013 interview - \u71c3\u70b9 Ran Dian\",\"isPartOf\":{\"@id\":\"http:\/\/www.randian.art\/#website\"},\"datePublished\":\"2018-09-09T08:19:00+00:00\",\"dateModified\":\"2022-09-20T07:59:11+00:00\",\"breadcrumb\":{\"@id\":\"http:\/\/www.randian.art\/rachel-lehmann-interview\/#breadcrumb\"},\"inLanguage\":\"zh-CN\",\"potentialAction\":[{\"@type\":\"ReadAction\",\"target\":[\"http:\/\/www.randian.art\/rachel-lehmann-interview\/\"]}]},{\"@type\":\"BreadcrumbList\",\"@id\":\"http:\/\/www.randian.art\/rachel-lehmann-interview\/#breadcrumb\",\"itemListElement\":[{\"@type\":\"ListItem\",\"position\":1,\"name\":\"Home\",\"item\":\"http:\/\/www.randian.art\/zh-hans\/%e9%a6%96%e9%a1%b5\/\"},{\"@type\":\"ListItem\",\"position\":2,\"name\":\"Rachel Lehmann \u2013 interview\"}]},{\"@type\":\"WebSite\",\"@id\":\"http:\/\/www.randian.art\/#website\",\"url\":\"http:\/\/www.randian.art\/\",\"name\":\"\u71c3\u70b9 Ran Dian\",\"description\":\"art magazine\",\"publisher\":{\"@id\":\"http:\/\/www.randian.art\/#organization\"},\"potentialAction\":[{\"@type\":\"SearchAction\",\"target\":{\"@type\":\"EntryPoint\",\"urlTemplate\":\"http:\/\/www.randian.art\/?s={search_term_string}\"},\"query-input\":\"required name=search_term_string\"}],\"inLanguage\":\"zh-CN\"},{\"@type\":\"Organization\",\"@id\":\"http:\/\/www.randian.art\/#organization\",\"name\":\"\u71c3\u70b9 Ran Dian\",\"url\":\"http:\/\/www.randian.art\/\",\"logo\":{\"@type\":\"ImageObject\",\"inLanguage\":\"zh-CN\",\"@id\":\"http:\/\/www.randian.art\/#\/schema\/logo\/image\/\",\"url\":\"https:\/\/randian-art.s3.ap-east-1.amazonaws.com\/2022\/08\/Ran-Dian-logo-randian.png\",\"contentUrl\":\"https:\/\/randian-art.s3.ap-east-1.amazonaws.com\/2022\/08\/Ran-Dian-logo-randian.png\",\"width\":761,\"height\":118,\"caption\":\"\u71c3\u70b9 Ran Dian\"},\"image\":{\"@id\":\"http:\/\/www.randian.art\/#\/schema\/logo\/image\/\"}},{\"@type\":\"Person\",\"@id\":\"http:\/\/www.randian.art\/#\/schema\/person\/21b1847a0437023bf9ee1aec41477222\",\"name\":\"Christopher Moore\",\"image\":{\"@type\":\"ImageObject\",\"inLanguage\":\"zh-CN\",\"@id\":\"http:\/\/www.randian.art\/#\/schema\/person\/image\/\",\"url\":\"http:\/\/1.gravatar.com\/avatar\/d7af4acc1932f4c74733a07ffc874d4f?s=96&d=mm&r=g\",\"contentUrl\":\"http:\/\/1.gravatar.com\/avatar\/d7af4acc1932f4c74733a07ffc874d4f?s=96&d=mm&r=g\",\"caption\":\"Christopher Moore\"},\"url\":\"http:\/\/www.randian.art\/zh-hans\/author\/chris\/\"}]}<\/script>\n<!-- \/ Yoast SEO plugin. -->","yoast_head_json":{"title":"Rachel Lehmann \u2013 interview - \u71c3\u70b9 Ran Dian","robots":{"index":"index","follow":"follow","max-snippet":"max-snippet:-1","max-image-preview":"max-image-preview:large","max-video-preview":"max-video-preview:-1"},"canonical":"http:\/\/www.randian.art\/rachel-lehmann-interview\/","og_locale":"zh_CN","og_type":"article","og_title":"Rachel Lehmann \u2013 interview - \u71c3\u70b9 Ran Dian","og_description":"by Chris Moore 2018.09.25 Undercurrent v &hellip; Continue reading &rarr;","og_url":"http:\/\/www.randian.art\/rachel-lehmann-interview\/","og_site_name":"\u71c3\u70b9 Ran Dian","article_published_time":"2018-09-09T08:19:00+00:00","article_modified_time":"2022-09-20T07:59:11+00:00","og_image":[{"width":528,"height":377,"url":"https:\/\/randian-art.s3.ap-east-1.amazonaws.com\/2022\/09\/Rachel-Lehmann-portrait-by-Candida-Hoefer-hr-copy-528x377-1.jpg","type":"image\/jpeg"}],"author":"Christopher Moore","twitter_card":"summary_large_image","twitter_misc":{"\u4f5c\u8005":"Christopher Moore","\u9884\u8ba1\u9605\u8bfb\u65f6\u95f4":"14\u5206"},"schema":{"@context":"https:\/\/schema.org","@graph":[{"@type":"Article","@id":"http:\/\/www.randian.art\/rachel-lehmann-interview\/#article","isPartOf":{"@id":"http:\/\/www.randian.art\/rachel-lehmann-interview\/"},"author":{"name":"Christopher Moore","@id":"http:\/\/www.randian.art\/#\/schema\/person\/21b1847a0437023bf9ee1aec41477222"},"headline":"Rachel Lehmann \u2013 interview","datePublished":"2018-09-09T08:19:00+00:00","dateModified":"2022-09-20T07:59:11+00:00","mainEntityOfPage":{"@id":"http:\/\/www.randian.art\/rachel-lehmann-interview\/"},"wordCount":2848,"commentCount":0,"publisher":{"@id":"http:\/\/www.randian.art\/#organization"},"keywords":["Adriana Varej\u00e3o","artist","Ashley Bickerton","Carroll Dunham","Chris Moore","Christian de Saussure","David Maupin","David Salle","gallerist","Gilbert &amp; George","Ileana Sonnabend","interview","Jean-Pierre Lehmann","Kim Guiline","Lee Bul","Marie Helene Mont\u00e9n\u00e8y","MICKALENE THOMAS","MR.","Not Vital","Ran Dian","Ran Dian magazine","randian","Richard Artschwager","Shirazeh Houshiary","Suh Se-Ok","Tony Oursler","WIM DELVOYE","\u58a8\u864e\u607a","\u71c3\u70b9","\u71c3\u70b9 \u6742\u5fd7","\u753b\u5eca\u4e3b","\u827a\u672f\u5bb6","\u9762\u8bd5"],"articleSection":["Features"],"inLanguage":"zh-CN","potentialAction":[{"@type":"CommentAction","name":"Comment","target":["http:\/\/www.randian.art\/rachel-lehmann-interview\/#respond"]}]},{"@type":"WebPage","@id":"http:\/\/www.randian.art\/rachel-lehmann-interview\/","url":"http:\/\/www.randian.art\/rachel-lehmann-interview\/","name":"Rachel Lehmann \u2013 interview - \u71c3\u70b9 Ran Dian","isPartOf":{"@id":"http:\/\/www.randian.art\/#website"},"datePublished":"2018-09-09T08:19:00+00:00","dateModified":"2022-09-20T07:59:11+00:00","breadcrumb":{"@id":"http:\/\/www.randian.art\/rachel-lehmann-interview\/#breadcrumb"},"inLanguage":"zh-CN","potentialAction":[{"@type":"ReadAction","target":["http:\/\/www.randian.art\/rachel-lehmann-interview\/"]}]},{"@type":"BreadcrumbList","@id":"http:\/\/www.randian.art\/rachel-lehmann-interview\/#breadcrumb","itemListElement":[{"@type":"ListItem","position":1,"name":"Home","item":"http:\/\/www.randian.art\/zh-hans\/%e9%a6%96%e9%a1%b5\/"},{"@type":"ListItem","position":2,"name":"Rachel Lehmann \u2013 interview"}]},{"@type":"WebSite","@id":"http:\/\/www.randian.art\/#website","url":"http:\/\/www.randian.art\/","name":"\u71c3\u70b9 Ran Dian","description":"art magazine","publisher":{"@id":"http:\/\/www.randian.art\/#organization"},"potentialAction":[{"@type":"SearchAction","target":{"@type":"EntryPoint","urlTemplate":"http:\/\/www.randian.art\/?s={search_term_string}"},"query-input":"required name=search_term_string"}],"inLanguage":"zh-CN"},{"@type":"Organization","@id":"http:\/\/www.randian.art\/#organization","name":"\u71c3\u70b9 Ran Dian","url":"http:\/\/www.randian.art\/","logo":{"@type":"ImageObject","inLanguage":"zh-CN","@id":"http:\/\/www.randian.art\/#\/schema\/logo\/image\/","url":"https:\/\/randian-art.s3.ap-east-1.amazonaws.com\/2022\/08\/Ran-Dian-logo-randian.png","contentUrl":"https:\/\/randian-art.s3.ap-east-1.amazonaws.com\/2022\/08\/Ran-Dian-logo-randian.png","width":761,"height":118,"caption":"\u71c3\u70b9 Ran Dian"},"image":{"@id":"http:\/\/www.randian.art\/#\/schema\/logo\/image\/"}},{"@type":"Person","@id":"http:\/\/www.randian.art\/#\/schema\/person\/21b1847a0437023bf9ee1aec41477222","name":"Christopher Moore","image":{"@type":"ImageObject","inLanguage":"zh-CN","@id":"http:\/\/www.randian.art\/#\/schema\/person\/image\/","url":"http:\/\/1.gravatar.com\/avatar\/d7af4acc1932f4c74733a07ffc874d4f?s=96&d=mm&r=g","contentUrl":"http:\/\/1.gravatar.com\/avatar\/d7af4acc1932f4c74733a07ffc874d4f?s=96&d=mm&r=g","caption":"Christopher Moore"},"url":"http:\/\/www.randian.art\/zh-hans\/author\/chris\/"}]}},"_links":{"self":[{"href":"http:\/\/www.randian.art\/zh-hans\/wp-json\/wp\/v2\/posts\/1123"}],"collection":[{"href":"http:\/\/www.randian.art\/zh-hans\/wp-json\/wp\/v2\/posts"}],"about":[{"href":"http:\/\/www.randian.art\/zh-hans\/wp-json\/wp\/v2\/types\/post"}],"author":[{"embeddable":true,"href":"http:\/\/www.randian.art\/zh-hans\/wp-json\/wp\/v2\/users\/2"}],"replies":[{"embeddable":true,"href":"http:\/\/www.randian.art\/zh-hans\/wp-json\/wp\/v2\/comments?post=1123"}],"version-history":[{"count":1,"href":"http:\/\/www.randian.art\/zh-hans\/wp-json\/wp\/v2\/posts\/1123\/revisions"}],"predecessor-version":[{"id":1127,"href":"http:\/\/www.randian.art\/zh-hans\/wp-json\/wp\/v2\/posts\/1123\/revisions\/1127"}],"wp:featuredmedia":[{"embeddable":true,"href":"http:\/\/www.randian.art\/zh-hans\/wp-json\/wp\/v2\/media\/1124"}],"wp:attachment":[{"href":"http:\/\/www.randian.art\/zh-hans\/wp-json\/wp\/v2\/media?parent=1123"}],"wp:term":[{"taxonomy":"category","embeddable":true,"href":"http:\/\/www.randian.art\/zh-hans\/wp-json\/wp\/v2\/categories?post=1123"},{"taxonomy":"post_tag","embeddable":true,"href":"http:\/\/www.randian.art\/zh-hans\/wp-json\/wp\/v2\/tags?post=1123"}],"curies":[{"name":"wp","href":"https:\/\/api.w.org\/{rel}","templated":true}]}}