{"id":12253,"date":"2020-11-03T09:15:00","date_gmt":"2020-11-03T09:15:00","guid":{"rendered":"http:\/\/www.randian.art\/?p=12253"},"modified":"2023-07-12T09:22:33","modified_gmt":"2023-07-12T09:22:33","slug":"vo-an-khanh-when-documentary-photographs-are-no-longer-mementos","status":"publish","type":"post","link":"http:\/\/www.randian.art\/zh-hans\/vo-an-khanh-when-documentary-photographs-are-no-longer-mementos\/","title":{"rendered":"V\u00f5 An Kh\u00e1nh \u2013 When Documentary Photographs Are No Longer Mementos"},"content":{"rendered":"\n<p>by\u00a0\u0110\u1ea1t V\u0169<br>* This article was originally published by\u00a0<strong><a href=\"https:\/\/matca.vn\/en\/khi-anh-tu-lieu-vuot-len-vai-tro-ky-vat\/\">Matca<\/a><\/strong>\u00a0on August 10, 2020.<br>Publication was made possible with the support of the\u00a0<a href=\"https:\/\/nguyenartfoundation.com\/\"><strong>Nguyen Art Foundation<\/strong><\/a><\/p>\n\n\n\n<figure class=\"wp-block-image size-full\"><img decoding=\"async\" loading=\"lazy\" width=\"90\" height=\"90\" src=\"https:\/\/randian-art.s3.ap-east-1.amazonaws.com\/2023\/07\/zh-hans\/image-20.png\" alt=\"\" class=\"wp-image-12254\" \/><\/figure>\n\n\n\n<h2 class=\"wp-block-heading\">\u201cWhereas abundant journalistic snapshots tend to collect spectacles of ghastly pain and fortify demarcations between utterly simplified factions, V\u00f5\u2019s most haunting pictures unveil encounters, precarious and transient. These fleeting situations, reincarnated as calm flat photographic surfaces, live on not as hollow representation, but as animate presence, where the struggle, seen anew, becomes distinctly other. The imaged wartime of V\u00f5 An Kh\u00e1nh carries a self-replenishing, near-mythological energy that deforms or transforms the prefixed meanings of ideology, outlives the noise of dogma, outlasts the propaganda of discourse.\u201d<br>\u2014Nguyen Hoang Quyen, co-curator, S\u00e0n Art<\/h2>\n\n\n\n<figure class=\"wp-block-image\"><a href=\"http:\/\/www.randian-online.com\/wp-content\/uploads\/2020\/11\/VoAnKhanh_MaskedForce_SanArt14-copy-1-copy.jpg\"><img decoding=\"async\" src=\"http:\/\/www.randian-online.com\/wp-content\/uploads\/2020\/11\/VoAnKhanh_MaskedForce_SanArt14-copy-1-copy-528x730.jpg\" alt=\"Vo An Khanh \u00a9 Vo An Khanh \/ San Art\" class=\"wp-image-105342\" \/><\/a><figcaption class=\"wp-element-caption\">Vo An Khanh<br>\u00a9 Vo An Khanh \/ San Art<\/figcaption><\/figure>\n\n\n\n<p>In early June 2020, the contemporary art space San Art opened the exhibition titled \u2018<em><a href=\"http:\/\/san-art.org\/exhibition\/masked-force\/\">Masked Force<\/a>\u2018<\/em><em>,<\/em>&nbsp;presenting Vo An Khanh\u2019s photographs of the revolutionary forces in the Mekong delta taken from 1961 to 1974. This is the first solo exhibition of the veteran photographer\u2019s work at San Art since&nbsp;<a href=\"https:\/\/san-art.org\/exhibition\/everything-illuminated\/\">the group exhibition<\/a>&nbsp;a decade ago. Despite taking place in a different context, the show retains the similar spirit of preserving and transforming wartime memories so as to engage in new dialogues.<\/p>\n\n\n\n<p>The photographer has authorized the curatorial team to access and select images from the vast archive of his enduring career. 14 digital prints are arranged into groups about the rear activities of medics, performers, and print workers, and the secret meetings among the revolutionary cadres deep in the mangrove forests, whose shadow becomes the backdrop for a quietly sacred stage.<\/p>\n\n\n\n<figure class=\"wp-block-image\"><a href=\"http:\/\/www.randian-online.com\/wp-content\/uploads\/2020\/11\/VoAnKhanh_MaskedForce_SanArt15-copy-copy.jpg\"><img decoding=\"async\" src=\"http:\/\/www.randian-online.com\/wp-content\/uploads\/2020\/11\/VoAnKhanh_MaskedForce_SanArt15-copy-copy-528x745.jpg\" alt=\"Vo An Khanh \u00a9 Vo An Khanh \/ San Art\" class=\"wp-image-105347\" \/><\/a><figcaption class=\"wp-element-caption\">Vo An Khanh<br>\u00a9 Vo An Khanh \/ San Art<\/figcaption><\/figure>\n\n\n\n<figure class=\"wp-block-image size-full\"><img decoding=\"async\" loading=\"lazy\" width=\"528\" height=\"372\" src=\"https:\/\/randian-art.s3.ap-east-1.amazonaws.com\/2023\/07\/zh-hans\/image-21.png\" alt=\"\" class=\"wp-image-12257\" srcset=\"https:\/\/randian-art.s3.ap-east-1.amazonaws.com\/2023\/07\/zh-hans\/image-21-300x211.png 300w, https:\/\/randian-art.s3.ap-east-1.amazonaws.com\/2023\/07\/zh-hans\/image-21-150x106.png 150w, https:\/\/randian-art.s3.ap-east-1.amazonaws.com\/2023\/07\/zh-hans\/image-21-426x300.png 426w, https:\/\/randian-art.s3.ap-east-1.amazonaws.com\/2023\/07\/zh-hans\/image-21.png 528w\" sizes=\"(max-width: 528px) 100vw, 528px\" \/><figcaption class=\"wp-element-caption\">Vo An Khanh<br>\u00a9 Vo An Khanh \/ San Art<\/figcaption><\/figure>\n\n\n\n<p>The exhibition begins with the scenes of American helicopters dropping troops and of mangroves decimated by chemicals. The only pair of images depicting the brutality of the frontline heighten the heroic atmosphere in subsequent photographs of performance rehearsals from the rear. This series of group portraits praise the revolutionaries\u2019 beauty and strength, freezing them in heroic poses.<\/p>\n\n\n\n<p>An unsettling energy grows gradually and throughout the recurring imagery of anonymous subjects under their white hoods. The caption reveals that they are revolutionaries who had to wear masks to hide their identities among themselves in case of capture and interrogation. These concealed facial features and expressions stun and caution viewers. Woven into this heavily cautious air are some day-to-day outdoor portraits of children studying and playing, thus blurring the space-time within this sequence.<\/p>\n\n\n\n<figure class=\"wp-block-image\"><a href=\"http:\/\/www.randian-online.com\/wp-content\/uploads\/2020\/11\/VoAnKhanh_MaskedForce_SanArt6-copy-1-copy.jpg\"><img decoding=\"async\" src=\"http:\/\/www.randian-online.com\/wp-content\/uploads\/2020\/11\/VoAnKhanh_MaskedForce_SanArt6-copy-1-copy-528x373.jpg\" alt=\"Vo An Khanh \u00a9 Vo An Khanh \/ San Art\" class=\"wp-image-105338\" \/><\/a><figcaption class=\"wp-element-caption\">Vo An Khanh<br>\u00a9 Vo An Khanh \/ San Art<\/figcaption><\/figure>\n\n\n\n<figure class=\"wp-block-image size-full\"><img decoding=\"async\" loading=\"lazy\" width=\"528\" height=\"360\" src=\"https:\/\/randian-art.s3.ap-east-1.amazonaws.com\/2023\/07\/zh-hans\/image-22.png\" alt=\"\" class=\"wp-image-12260\" srcset=\"https:\/\/randian-art.s3.ap-east-1.amazonaws.com\/2023\/07\/zh-hans\/image-22-300x205.png 300w, https:\/\/randian-art.s3.ap-east-1.amazonaws.com\/2023\/07\/zh-hans\/image-22-150x102.png 150w, https:\/\/randian-art.s3.ap-east-1.amazonaws.com\/2023\/07\/zh-hans\/image-22-440x300.png 440w, https:\/\/randian-art.s3.ap-east-1.amazonaws.com\/2023\/07\/zh-hans\/image-22.png 528w\" sizes=\"(max-width: 528px) 100vw, 528px\" \/><figcaption class=\"wp-element-caption\">Vo An Khanh<br>\u00a9 Vo An Khanh \/ San Art<\/figcaption><\/figure>\n\n\n\n<figure class=\"wp-block-image size-full\"><img decoding=\"async\" loading=\"lazy\" width=\"528\" height=\"496\" src=\"https:\/\/randian-art.s3.ap-east-1.amazonaws.com\/2023\/07\/zh-hans\/image-23.png\" alt=\"\" class=\"wp-image-12263\" srcset=\"https:\/\/randian-art.s3.ap-east-1.amazonaws.com\/2023\/07\/zh-hans\/image-23-300x282.png 300w, https:\/\/randian-art.s3.ap-east-1.amazonaws.com\/2023\/07\/zh-hans\/image-23-150x141.png 150w, https:\/\/randian-art.s3.ap-east-1.amazonaws.com\/2023\/07\/zh-hans\/image-23-319x300.png 319w, https:\/\/randian-art.s3.ap-east-1.amazonaws.com\/2023\/07\/zh-hans\/image-23.png 528w\" sizes=\"(max-width: 528px) 100vw, 528px\" \/><figcaption class=\"wp-element-caption\">Vo An Khanh<br>\u00a9 Vo An Khanh \/ San Art<\/figcaption><\/figure>\n\n\n\n<p>The exhibition also includes many iconic works from Vo An Khanh\u2019s oeuvre, particularly \u2018<em>Mobile military medical clinic during the period when the enemy is defoliating U Minh forest\u2019<\/em>. When the image appeared on the front page of the New York Times, many critics attributed it with the adjective \u201csurreal\u201d. The surreality of Vo An Khanh\u2019s photography does not come from eccentric scenarios dramatized for shock effects. Different from images artfully staged that leave no room for surprise factor, the power of documentary photography is beyond prediction, as critic Teju Cole wrote, \u201cThe photographic surreal, like the sublime or the obscene, is subjective. It cannot be locked down to a theory, codified and filed away under an \u2018ism\u2019. Rather, it arrives like a metaphysical gift, showing up when it is least expected to conquer logic and haunt the imagination.\u201d The sense of urgency, of alert, of suspense, and the temporary mobile structures that disappear without traces are created right on the thin line between life and death, and therefore almost unrepeatable by narrative formulas in cinema works of the same subject.<\/p>\n\n\n\n<p>Born and raised in the Mekong Delta, Vo An Khanh possesses a keen instinct for mangrove forests \u2013 the sacred natural landscape that then became strategically significant in that uncertain period. He trudged through the fields, documenting the relationship between human and nature in his carefully composed frames. The forest nurtured, covered, and witnessed in silence the many ups and downs of its inhabitants. People live in and with the forest, a timeless landscape embodying the vestiges from the past, improvised by the present and suggestive about the future.<\/p>\n\n\n\n<p>Vietnamesse photography is embedded in the layered history of warfare. Like many other propaganda officers during the revolution against the US, Vo An Khanh sees the act of photographing as a service for the Common Cause. After fulfilling such duty, his works challenge genres, subjects, and ideologies, and continue to live their own lives. In front of contemporary viewers, these documentary photographs reach beyond their role as mementos. They rely on neither symbols nor icons and are hence continually renewed.<\/p>\n\n\n\n<figure class=\"wp-block-image is-resized\"><a href=\"http:\/\/www.randian-online.com\/wp-content\/uploads\/2020\/11\/VoAnKhanh_MaskedForce_SanArt8-copy-1-copy.jpg\"><img decoding=\"async\" loading=\"lazy\" src=\"http:\/\/www.randian-online.com\/wp-content\/uploads\/2020\/11\/VoAnKhanh_MaskedForce_SanArt8-copy-1-copy-528x497.jpg\" alt=\"Vo An Khanh \u00a9 Vo An Khanh \/ San Art\" class=\"wp-image-105339\" width=\"528\" height=\"497\" \/><\/a><figcaption class=\"wp-element-caption\">Vo An Khanh<br>\u00a9 Vo An Khanh \/ San Art<\/figcaption><\/figure>\n\n\n\n<figure class=\"wp-block-image size-full\"><img decoding=\"async\" loading=\"lazy\" width=\"528\" height=\"372\" src=\"https:\/\/randian-art.s3.ap-east-1.amazonaws.com\/2023\/07\/zh-hans\/image-24.png\" alt=\"\" class=\"wp-image-12266\" srcset=\"https:\/\/randian-art.s3.ap-east-1.amazonaws.com\/2023\/07\/zh-hans\/image-24-300x211.png 300w, https:\/\/randian-art.s3.ap-east-1.amazonaws.com\/2023\/07\/zh-hans\/image-24-150x106.png 150w, https:\/\/randian-art.s3.ap-east-1.amazonaws.com\/2023\/07\/zh-hans\/image-24-426x300.png 426w, https:\/\/randian-art.s3.ap-east-1.amazonaws.com\/2023\/07\/zh-hans\/image-24.png 528w\" sizes=\"(max-width: 528px) 100vw, 528px\" \/><figcaption class=\"wp-element-caption\">Vo An Khanh<br>\u00a9 Vo An Khanh \/ San Art<\/figcaption><\/figure>\n\n\n\n<h1 class=\"wp-block-heading\"><strong>Vo An Khanh biography<\/strong><\/h1>\n\n\n\n<p>Vo An Khanh was born in 1936, in the village of Ninh Quoi in Hong Dan District, Bac Lieu Province, south-western Vietnam. During the 1960s and early 1970s, he traveled with a guerrilla unit to document the front line of the Vietnamese resistance against the U.S. in the Ca Mau region. He also managed the Photography Department of the local revolutionary cause and documented events related to frontline music and dance events. Between the years 1962 and 1975, Vo An Khanh staged a photographic exhibition in the exceptionally challenging condition of mangrove forests. His two well-known photographs, \u2018Mobile Military Medical Clinic\u2019 and \u2018Extra-curriculum Political Science Class,\u2019 were included in this traveling show, which Vo An Khanh himself developed on the spot using natural light.<\/p>\n\n\n\n<p><strong>V\u00f5 An Kh\u00e1nh<\/strong><br><strong>\u2018Masked Force\u201d<\/strong><br>Curated by Nguy\u1ec5n Ho\u00e0ng Quy\u00ean, co-curator, S\u00e0n Art<\/p>\n\n\n\n<h1 class=\"wp-block-heading\"><strong>S\u00e0n Art<\/strong><\/h1>\n\n\n\n<p><strong>S\u00e0n Art&nbsp;<\/strong>(Millenium Masteri Building, District 4, Ho Chi Minh)<strong>&nbsp;June 2\u2014 August 8, 2020<br><\/strong>MILLENNIUM MASTERI BUILDING<br>UNIT B6.16 &amp; B6.17<br>132 Ben Van Don, Ward 6, District 4, Ho Chi Minh City, Vietnam<br>(enter from Nguyen Huu Hao side)<br>Website&nbsp;<a href=\"http:\/\/san-art.org\/\">http:\/\/san-art.org<\/a><\/p>\n\n\n\n<h1 class=\"wp-block-heading\">the Nguyen Art Foundation<\/h1>\n\n\n\n<p>Established in 2018, the Nguyen Art Foundation was born from a desire to better serve the artistic community of Vietnam. It was founded by Quynh Nguyen, under the advisory of Cam Xanh (pseudonym of Thanh Tran Ha), artist and founder of MoT+++. Since its conception, the foundation has worked to build an alternative infrastructure for the arts in Vietnam, and construct the base for what it hopes will form Vietnam\u2019s first museum of contemporary art. The foundation aims to expand the possibilities for contemporary art in Vietnam by facilitating global exchange that enriches not only individual practices, but engages the overall growth of the Vietnamese art scene.<\/p>\n\n\n\n<p>The collection focuses on artists connected in any way to Vietnam. It refuses to limit artists by any definition of their identity that is restricted to nationality, instead prioritising their practice and artistic concept as defining factors. It collects works from both Vietnamese and foreign artists, enlarging definitions of what is considered \u2018Vietnamese\u2019 art, and problematising the term \u2018Vietnamese artist\u2019.<\/p>\n\n\n\n<p><a href=\"https:\/\/nguyenartfoundation.com\/Info\">https:\/\/nguyenartfoundation.com\/Info<\/a><\/p>\n","protected":false},"excerpt":{"rendered":"<p>by\u00a0\u0110\u1ea1t V\u0169* This article was originally p &hellip; <a href=\"http:\/\/www.randian.art\/zh-hans\/vo-an-khanh-when-documentary-photographs-are-no-longer-mementos\/\">Continue reading <span class=\"meta-nav\">&rarr;<\/span><\/a><\/p>\n","protected":false},"author":7,"featured_media":12269,"comment_status":"open","ping_status":"open","sticky":false,"template":"","format":"standard","meta":[],"categories":[17],"tags":[8954,7702,8950,8948,127,8951,8949,94,8952,8953],"yoast_head":"<!-- This site is optimized with the Yoast SEO plugin v20.8 - https:\/\/yoast.com\/wordpress\/plugins\/seo\/ -->\n<title>V\u00f5 An Kh\u00e1nh \u2013 When Documentary Photographs Are No Longer Mementos - \u71c3\u70b9 Ran Dian<\/title>\n<meta name=\"robots\" content=\"index, follow, max-snippet:-1, max-image-preview:large, max-video-preview:-1\" \/>\n<link rel=\"canonical\" href=\"http:\/\/www.randian.art\/vo-an-khanh-when-documentary-photographs-are-no-longer-mementos\/\" \/>\n<meta property=\"og:locale\" content=\"zh_CN\" \/>\n<meta property=\"og:type\" content=\"article\" \/>\n<meta property=\"og:title\" content=\"V\u00f5 An Kh\u00e1nh \u2013 When Documentary Photographs Are No Longer Mementos - \u71c3\u70b9 Ran Dian\" \/>\n<meta property=\"og:description\" content=\"by\u00a0\u0110\u1ea1t V\u0169* This article was originally p &hellip; Continue reading &rarr;\" \/>\n<meta property=\"og:url\" content=\"http:\/\/www.randian.art\/vo-an-khanh-when-documentary-photographs-are-no-longer-mementos\/\" \/>\n<meta property=\"og:site_name\" content=\"\u71c3\u70b9 Ran Dian\" \/>\n<meta property=\"article:published_time\" content=\"2020-11-03T09:15:00+00:00\" \/>\n<meta property=\"article:modified_time\" content=\"2023-07-12T09:22:33+00:00\" \/>\n<meta property=\"og:image\" content=\"https:\/\/randian-art.s3.ap-east-1.amazonaws.com\/2023\/07\/Everything-Illuminated-2009-intro.jpg\" \/>\n\t<meta property=\"og:image:width\" content=\"939\" \/>\n\t<meta property=\"og:image:height\" content=\"441\" \/>\n\t<meta property=\"og:image:type\" content=\"image\/jpeg\" \/>\n<meta name=\"author\" content=\"Lien\" \/>\n<meta name=\"twitter:card\" content=\"summary_large_image\" \/>\n<meta name=\"twitter:label1\" content=\"\u4f5c\u8005\" \/>\n\t<meta name=\"twitter:data1\" content=\"Lien\" \/>\n\t<meta name=\"twitter:label2\" content=\"\u9884\u8ba1\u9605\u8bfb\u65f6\u95f4\" \/>\n\t<meta name=\"twitter:data2\" content=\"7\u5206\" \/>\n<script type=\"application\/ld+json\" class=\"yoast-schema-graph\">{\"@context\":\"https:\/\/schema.org\",\"@graph\":[{\"@type\":\"Article\",\"@id\":\"http:\/\/www.randian.art\/vo-an-khanh-when-documentary-photographs-are-no-longer-mementos\/#article\",\"isPartOf\":{\"@id\":\"http:\/\/www.randian.art\/vo-an-khanh-when-documentary-photographs-are-no-longer-mementos\/\"},\"author\":{\"name\":\"Lien\",\"@id\":\"http:\/\/www.randian.art\/#\/schema\/person\/52a3fdee246825a3356b50e0c44bbeeb\"},\"headline\":\"V\u00f5 An Kh\u00e1nh \u2013 When Documentary Photographs Are No Longer Mementos\",\"datePublished\":\"2020-11-03T09:15:00+00:00\",\"dateModified\":\"2023-07-12T09:22:33+00:00\",\"mainEntityOfPage\":{\"@id\":\"http:\/\/www.randian.art\/vo-an-khanh-when-documentary-photographs-are-no-longer-mementos\/\"},\"wordCount\":1179,\"commentCount\":0,\"publisher\":{\"@id\":\"http:\/\/www.randian.art\/#organization\"},\"keywords\":[\"\u0110\u1ea1t V\u0169\",\"documentary photography\",\"Ho Chi Minh City\",\"Matca\",\"photography\",\"Saigon\",\"S\u00e0n Art\",\"Vietnam\",\"Vietnam War\",\"V\u00f5 An Kh\u00e1nh\"],\"articleSection\":[\"Features\"],\"inLanguage\":\"zh-CN\",\"potentialAction\":[{\"@type\":\"CommentAction\",\"name\":\"Comment\",\"target\":[\"http:\/\/www.randian.art\/vo-an-khanh-when-documentary-photographs-are-no-longer-mementos\/#respond\"]}]},{\"@type\":\"WebPage\",\"@id\":\"http:\/\/www.randian.art\/vo-an-khanh-when-documentary-photographs-are-no-longer-mementos\/\",\"url\":\"http:\/\/www.randian.art\/vo-an-khanh-when-documentary-photographs-are-no-longer-mementos\/\",\"name\":\"V\u00f5 An Kh\u00e1nh \u2013 When Documentary Photographs Are No Longer Mementos - \u71c3\u70b9 Ran Dian\",\"isPartOf\":{\"@id\":\"http:\/\/www.randian.art\/#website\"},\"datePublished\":\"2020-11-03T09:15:00+00:00\",\"dateModified\":\"2023-07-12T09:22:33+00:00\",\"breadcrumb\":{\"@id\":\"http:\/\/www.randian.art\/vo-an-khanh-when-documentary-photographs-are-no-longer-mementos\/#breadcrumb\"},\"inLanguage\":\"zh-CN\",\"potentialAction\":[{\"@type\":\"ReadAction\",\"target\":[\"http:\/\/www.randian.art\/vo-an-khanh-when-documentary-photographs-are-no-longer-mementos\/\"]}]},{\"@type\":\"BreadcrumbList\",\"@id\":\"http:\/\/www.randian.art\/vo-an-khanh-when-documentary-photographs-are-no-longer-mementos\/#breadcrumb\",\"itemListElement\":[{\"@type\":\"ListItem\",\"position\":1,\"name\":\"Home\",\"item\":\"http:\/\/www.randian.art\/zh-hans\/%e9%a6%96%e9%a1%b5\/\"},{\"@type\":\"ListItem\",\"position\":2,\"name\":\"V\u00f5 An Kh\u00e1nh \u2013 When Documentary Photographs Are No Longer Mementos\"}]},{\"@type\":\"WebSite\",\"@id\":\"http:\/\/www.randian.art\/#website\",\"url\":\"http:\/\/www.randian.art\/\",\"name\":\"\u71c3\u70b9 Ran Dian\",\"description\":\"art magazine\",\"publisher\":{\"@id\":\"http:\/\/www.randian.art\/#organization\"},\"potentialAction\":[{\"@type\":\"SearchAction\",\"target\":{\"@type\":\"EntryPoint\",\"urlTemplate\":\"http:\/\/www.randian.art\/?s={search_term_string}\"},\"query-input\":\"required name=search_term_string\"}],\"inLanguage\":\"zh-CN\"},{\"@type\":\"Organization\",\"@id\":\"http:\/\/www.randian.art\/#organization\",\"name\":\"\u71c3\u70b9 Ran Dian\",\"url\":\"http:\/\/www.randian.art\/\",\"logo\":{\"@type\":\"ImageObject\",\"inLanguage\":\"zh-CN\",\"@id\":\"http:\/\/www.randian.art\/#\/schema\/logo\/image\/\",\"url\":\"https:\/\/randian-art.s3.ap-east-1.amazonaws.com\/2022\/08\/Ran-Dian-logo-randian.png\",\"contentUrl\":\"https:\/\/randian-art.s3.ap-east-1.amazonaws.com\/2022\/08\/Ran-Dian-logo-randian.png\",\"width\":761,\"height\":118,\"caption\":\"\u71c3\u70b9 Ran Dian\"},\"image\":{\"@id\":\"http:\/\/www.randian.art\/#\/schema\/logo\/image\/\"}},{\"@type\":\"Person\",\"@id\":\"http:\/\/www.randian.art\/#\/schema\/person\/52a3fdee246825a3356b50e0c44bbeeb\",\"name\":\"Lien\",\"image\":{\"@type\":\"ImageObject\",\"inLanguage\":\"zh-CN\",\"@id\":\"http:\/\/www.randian.art\/#\/schema\/person\/image\/\",\"url\":\"http:\/\/0.gravatar.com\/avatar\/f5ab5bb6c17c650698ba234cd1af904a?s=96&d=mm&r=g\",\"contentUrl\":\"http:\/\/0.gravatar.com\/avatar\/f5ab5bb6c17c650698ba234cd1af904a?s=96&d=mm&r=g\",\"caption\":\"Lien\"},\"sameAs\":[\"http:\/\/www.randian.art\"],\"url\":\"http:\/\/www.randian.art\/zh-hans\/author\/lien\/\"}]}<\/script>\n<!-- \/ Yoast SEO plugin. -->","yoast_head_json":{"title":"V\u00f5 An Kh\u00e1nh \u2013 When Documentary Photographs Are No Longer Mementos - \u71c3\u70b9 Ran Dian","robots":{"index":"index","follow":"follow","max-snippet":"max-snippet:-1","max-image-preview":"max-image-preview:large","max-video-preview":"max-video-preview:-1"},"canonical":"http:\/\/www.randian.art\/vo-an-khanh-when-documentary-photographs-are-no-longer-mementos\/","og_locale":"zh_CN","og_type":"article","og_title":"V\u00f5 An Kh\u00e1nh \u2013 When Documentary Photographs Are No Longer Mementos - \u71c3\u70b9 Ran Dian","og_description":"by\u00a0\u0110\u1ea1t V\u0169* This article was originally p &hellip; Continue reading &rarr;","og_url":"http:\/\/www.randian.art\/vo-an-khanh-when-documentary-photographs-are-no-longer-mementos\/","og_site_name":"\u71c3\u70b9 Ran Dian","article_published_time":"2020-11-03T09:15:00+00:00","article_modified_time":"2023-07-12T09:22:33+00:00","og_image":[{"width":939,"height":441,"url":"https:\/\/randian-art.s3.ap-east-1.amazonaws.com\/2023\/07\/Everything-Illuminated-2009-intro.jpg","type":"image\/jpeg"}],"author":"Lien","twitter_card":"summary_large_image","twitter_misc":{"\u4f5c\u8005":"Lien","\u9884\u8ba1\u9605\u8bfb\u65f6\u95f4":"7\u5206"},"schema":{"@context":"https:\/\/schema.org","@graph":[{"@type":"Article","@id":"http:\/\/www.randian.art\/vo-an-khanh-when-documentary-photographs-are-no-longer-mementos\/#article","isPartOf":{"@id":"http:\/\/www.randian.art\/vo-an-khanh-when-documentary-photographs-are-no-longer-mementos\/"},"author":{"name":"Lien","@id":"http:\/\/www.randian.art\/#\/schema\/person\/52a3fdee246825a3356b50e0c44bbeeb"},"headline":"V\u00f5 An Kh\u00e1nh \u2013 When Documentary Photographs Are No Longer Mementos","datePublished":"2020-11-03T09:15:00+00:00","dateModified":"2023-07-12T09:22:33+00:00","mainEntityOfPage":{"@id":"http:\/\/www.randian.art\/vo-an-khanh-when-documentary-photographs-are-no-longer-mementos\/"},"wordCount":1179,"commentCount":0,"publisher":{"@id":"http:\/\/www.randian.art\/#organization"},"keywords":["\u0110\u1ea1t V\u0169","documentary photography","Ho Chi Minh City","Matca","photography","Saigon","S\u00e0n Art","Vietnam","Vietnam War","V\u00f5 An Kh\u00e1nh"],"articleSection":["Features"],"inLanguage":"zh-CN","potentialAction":[{"@type":"CommentAction","name":"Comment","target":["http:\/\/www.randian.art\/vo-an-khanh-when-documentary-photographs-are-no-longer-mementos\/#respond"]}]},{"@type":"WebPage","@id":"http:\/\/www.randian.art\/vo-an-khanh-when-documentary-photographs-are-no-longer-mementos\/","url":"http:\/\/www.randian.art\/vo-an-khanh-when-documentary-photographs-are-no-longer-mementos\/","name":"V\u00f5 An Kh\u00e1nh \u2013 When Documentary Photographs Are No Longer Mementos - \u71c3\u70b9 Ran Dian","isPartOf":{"@id":"http:\/\/www.randian.art\/#website"},"datePublished":"2020-11-03T09:15:00+00:00","dateModified":"2023-07-12T09:22:33+00:00","breadcrumb":{"@id":"http:\/\/www.randian.art\/vo-an-khanh-when-documentary-photographs-are-no-longer-mementos\/#breadcrumb"},"inLanguage":"zh-CN","potentialAction":[{"@type":"ReadAction","target":["http:\/\/www.randian.art\/vo-an-khanh-when-documentary-photographs-are-no-longer-mementos\/"]}]},{"@type":"BreadcrumbList","@id":"http:\/\/www.randian.art\/vo-an-khanh-when-documentary-photographs-are-no-longer-mementos\/#breadcrumb","itemListElement":[{"@type":"ListItem","position":1,"name":"Home","item":"http:\/\/www.randian.art\/zh-hans\/%e9%a6%96%e9%a1%b5\/"},{"@type":"ListItem","position":2,"name":"V\u00f5 An Kh\u00e1nh \u2013 When Documentary Photographs Are No Longer Mementos"}]},{"@type":"WebSite","@id":"http:\/\/www.randian.art\/#website","url":"http:\/\/www.randian.art\/","name":"\u71c3\u70b9 Ran Dian","description":"art magazine","publisher":{"@id":"http:\/\/www.randian.art\/#organization"},"potentialAction":[{"@type":"SearchAction","target":{"@type":"EntryPoint","urlTemplate":"http:\/\/www.randian.art\/?s={search_term_string}"},"query-input":"required name=search_term_string"}],"inLanguage":"zh-CN"},{"@type":"Organization","@id":"http:\/\/www.randian.art\/#organization","name":"\u71c3\u70b9 Ran Dian","url":"http:\/\/www.randian.art\/","logo":{"@type":"ImageObject","inLanguage":"zh-CN","@id":"http:\/\/www.randian.art\/#\/schema\/logo\/image\/","url":"https:\/\/randian-art.s3.ap-east-1.amazonaws.com\/2022\/08\/Ran-Dian-logo-randian.png","contentUrl":"https:\/\/randian-art.s3.ap-east-1.amazonaws.com\/2022\/08\/Ran-Dian-logo-randian.png","width":761,"height":118,"caption":"\u71c3\u70b9 Ran Dian"},"image":{"@id":"http:\/\/www.randian.art\/#\/schema\/logo\/image\/"}},{"@type":"Person","@id":"http:\/\/www.randian.art\/#\/schema\/person\/52a3fdee246825a3356b50e0c44bbeeb","name":"Lien","image":{"@type":"ImageObject","inLanguage":"zh-CN","@id":"http:\/\/www.randian.art\/#\/schema\/person\/image\/","url":"http:\/\/0.gravatar.com\/avatar\/f5ab5bb6c17c650698ba234cd1af904a?s=96&d=mm&r=g","contentUrl":"http:\/\/0.gravatar.com\/avatar\/f5ab5bb6c17c650698ba234cd1af904a?s=96&d=mm&r=g","caption":"Lien"},"sameAs":["http:\/\/www.randian.art"],"url":"http:\/\/www.randian.art\/zh-hans\/author\/lien\/"}]}},"_links":{"self":[{"href":"http:\/\/www.randian.art\/zh-hans\/wp-json\/wp\/v2\/posts\/12253"}],"collection":[{"href":"http:\/\/www.randian.art\/zh-hans\/wp-json\/wp\/v2\/posts"}],"about":[{"href":"http:\/\/www.randian.art\/zh-hans\/wp-json\/wp\/v2\/types\/post"}],"author":[{"embeddable":true,"href":"http:\/\/www.randian.art\/zh-hans\/wp-json\/wp\/v2\/users\/7"}],"replies":[{"embeddable":true,"href":"http:\/\/www.randian.art\/zh-hans\/wp-json\/wp\/v2\/comments?post=12253"}],"version-history":[{"count":1,"href":"http:\/\/www.randian.art\/zh-hans\/wp-json\/wp\/v2\/posts\/12253\/revisions"}],"predecessor-version":[{"id":12272,"href":"http:\/\/www.randian.art\/zh-hans\/wp-json\/wp\/v2\/posts\/12253\/revisions\/12272"}],"wp:featuredmedia":[{"embeddable":true,"href":"http:\/\/www.randian.art\/zh-hans\/wp-json\/wp\/v2\/media\/12269"}],"wp:attachment":[{"href":"http:\/\/www.randian.art\/zh-hans\/wp-json\/wp\/v2\/media?parent=12253"}],"wp:term":[{"taxonomy":"category","embeddable":true,"href":"http:\/\/www.randian.art\/zh-hans\/wp-json\/wp\/v2\/categories?post=12253"},{"taxonomy":"post_tag","embeddable":true,"href":"http:\/\/www.randian.art\/zh-hans\/wp-json\/wp\/v2\/tags?post=12253"}],"curies":[{"name":"wp","href":"https:\/\/api.w.org\/{rel}","templated":true}]}}