{"id":16411,"date":"2018-04-21T11:31:00","date_gmt":"2018-04-21T11:31:00","guid":{"rendered":"http:\/\/www.randian.art\/?p=16411"},"modified":"2023-12-01T11:34:21","modified_gmt":"2023-12-01T11:34:21","slug":"art-cologne-2018-opens","status":"publish","type":"post","link":"http:\/\/www.randian.art\/zh-hans\/art-cologne-2018-opens\/","title":{"rendered":"Art Cologne 2018 opens"},"content":{"rendered":"\n<p>Cologne is the source of Germany\u2019s contemporary art scene. It is home to the massively influential&nbsp;<strong>Museum Ludwig<\/strong>&nbsp;and the world\u2019s oldest art fair,&nbsp;<strong>Art Cologne<\/strong>,&nbsp;the 52nd edition of which has just opened, as well as being a hub for many of the most important post-war German artists, including Gerhard Richter, Sigmar Polke, Georg Baselitz and Martin Kippenberger, and their gallerists, such as Karsten Greve, Paul Maenz, Rolf Ricke, Michael Werner, and Rudolf Zwirner, David Zwirner\u2019s father.<\/p>\n\n\n\n<p>Yet while Art Basel prospered in the 2000s, Art Cologne &nbsp;declined as the German economy faltered following reunification and the art scene, if not the collectors, moved to gritty post-Wall Berlin, where rent was cheap and opportunity plentiful\u2014\u201dSexy but poor\u201d as a former mayor said. The German economy has now rebounded though and Berlin rent is no longer so cheap. Meanwhile, after a period of contraction, Art Cologne has been rebuilding, with its parent, Koelnmesse, in 2017 even buying-out Art Berlin Contemporary, Berlin\u2019s art-fair-by-any-other-name, which never succeeded like its older, more successful sister, Gallery Weekend (which opens next week). Art Cologne\u2019s strategy is simple: build on the synergies and respective strengths of Berlin (political and creative) and Cologne (economic and geographic \u2013 close to Paris and Benelux countries).<\/p>\n\n\n\n<p>As usual, some major New York and London galleries have come to Art Cologne this year.&nbsp;<strong>Blain|Southern, Lisson, Gagosian, Hauser &amp; Wirth<\/strong>&nbsp;and&nbsp;<strong>David Zwirner<\/strong>&nbsp;are all there, but mainly the galleries at Art Cologne are from South West Germany, Paris (<strong>Thaddaeus Ropac<\/strong>) and Berlin (<strong>Esther Schipper, K\u00f6nig<\/strong>), with a sprinkling of Swiss and Austrian galleries (like&nbsp;<strong>Galerie n\u00e4chst St.Stephen Rosemarie Schwarzw\u00e4lder<\/strong>&nbsp;from Vienna).<\/p>\n\n\n\n<p>Galleries from Asia are hard to find, with the notable exceptions of&nbsp;<strong>Pearl Lam Galleries<\/strong>&nbsp;(Hong Kong, Shanghai and Singapore) and&nbsp;<strong>Whitestone<\/strong>&nbsp;(Hong Kong, Taipei and Tokyo).&nbsp;Asked about the difference between Art Basel\u2019s and Art Cologne\u2019s respective Asia strategies,&nbsp;<strong>Galerie&nbsp;R\u00fcdiger Sch\u00f6ttle<\/strong>\u2019s Dr. Ingrid Lohaus, noted that while&nbsp;\u201cArt Basel Hong Kong is in the meantime one of the most important global and international art fairs. Cologne is less international but very established and it builds an important platform for the nucleus of the European collectors since its beginning.\u201d<\/p>\n\n\n\n<p>Of course, the core of Art Cologne is the local talent, whether from Berlin, Munich or Cologne itself, including<strong>&nbsp;Galerie Gisela Capitain, Spr\u00fcth Magers, Nagel Draxler<\/strong>&nbsp;(which after moving to Berlin has just reopened a permanent space in Cologne again),<strong>&nbsp;Kraupa-Tuskany Zeidler<\/strong>&nbsp;(Berlin) and&nbsp;<strong>Galerie R\u00fcdiger Sch\u00f6ttle<\/strong>&nbsp;(Munich).<\/p>\n\n\n\n<p>Given that Art Brussels is on simultaneously and next week sees Gallery Weekend in Berlin (and the fancy New York Times Art Leaders conference), it feels quite crowded.<\/p>\n\n\n\n<p>Here are some highlights from Art Cologne, all galleries that also show at art fairs in China, including Art Basel Hong Kong, West Bund and ART021 in Shanghai and the new Jing art fair in Beijing.<\/p>\n\n\n\n<h1 class=\"wp-block-heading\"><strong>Pearl Lam Galleries, Hall 11.2. Stand C 10<\/strong><\/h1>\n\n\n\n<figure class=\"wp-block-image\"><a href=\"https:\/\/www.randian-online.com\/wp-content\/uploads\/2018\/04\/17.GED-QUINN-b.-1963-A-Kind-of-Wick-or-Snuff-2014%E2%80%932017-Oil-on-line-274.5-x-183-cm_-108-1_8-x-72-in.-.jpg\"><img decoding=\"async\" src=\"https:\/\/www.randian-online.com\/wp-content\/uploads\/2018\/04\/17.GED-QUINN-b.-1963-A-Kind-of-Wick-or-Snuff-2014%E2%80%932017-Oil-on-line-274.5-x-183-cm_-108-1_8-x-72-in.--528x792.jpg\" alt=\"Ged Quinn (b. 1963) \" class=\"wp-image-97251\" title=\"Ged Quinn (b. 1963) \" \/><\/a><figcaption class=\"wp-element-caption\">Ged Quinn (b. 1963) \u201cA Kind of Wick or Snuff\u201d 2014\u20132017 Oil on linen, 274.5 x 183 cm,<br>(image courtesy the artist and Pearl Lam Galleries)<\/figcaption><\/figure>\n\n\n\n<figure class=\"wp-block-image size-full\"><img decoding=\"async\" loading=\"lazy\" width=\"528\" height=\"296\" src=\"https:\/\/randian-art.s3.ap-east-1.amazonaws.com\/2023\/12\/zh-hans\/image-1.png\" alt=\"\" class=\"wp-image-16412\" srcset=\"https:\/\/randian-art.s3.ap-east-1.amazonaws.com\/2023\/12\/zh-hans\/image-1-300x168.png 300w, https:\/\/randian-art.s3.ap-east-1.amazonaws.com\/2023\/12\/zh-hans\/image-1-150x84.png 150w, https:\/\/randian-art.s3.ap-east-1.amazonaws.com\/2023\/12\/zh-hans\/image-1-500x280.png 500w, https:\/\/randian-art.s3.ap-east-1.amazonaws.com\/2023\/12\/zh-hans\/image-1.png 528w\" sizes=\"(max-width: 528px) 100vw, 528px\" \/><figcaption class=\"wp-element-caption\">Pearl Lam Galleries at Art Cologne 2018, Halle 11.2. Stand C 10.<\/figcaption><\/figure>\n\n\n\n<h1 class=\"wp-block-heading\"><strong>Blain Southern&nbsp;<\/strong><strong>Booth C-020, Hall 11.2<\/strong><\/h1>\n\n\n\n<figure class=\"wp-block-image\"><a href=\"https:\/\/www.randian-online.com\/wp-content\/uploads\/2018\/04\/Michael-Simpson.jpg\"><img decoding=\"async\" src=\"https:\/\/www.randian-online.com\/wp-content\/uploads\/2018\/04\/Michael-Simpson-528x251.jpg\" alt=\"Michael Simpson \" class=\"wp-image-97300\" \/><\/a><figcaption class=\"wp-element-caption\">Michael Simpson \u201cBench Painting 73\u2033, 2009, Oil on canvas, 245 x 518 cm \/ (96\u00bd x 204 in) (image courtesy the artist and Blain Southern) C-020, Hall 11.2<br>Michael Simpson\u2019s first solo exhibition in China opened at the Shanghai Minsheng Art Museum on 10 April.<\/figcaption><\/figure>\n\n\n\n<figure class=\"wp-block-image size-full\"><img decoding=\"async\" loading=\"lazy\" width=\"528\" height=\"612\" src=\"https:\/\/randian-art.s3.ap-east-1.amazonaws.com\/2023\/12\/zh-hans\/image-2.png\" alt=\"\" class=\"wp-image-16415\" srcset=\"https:\/\/randian-art.s3.ap-east-1.amazonaws.com\/2023\/12\/zh-hans\/DYk4iCLE-image-2-259x300.png 259w, https:\/\/randian-art.s3.ap-east-1.amazonaws.com\/2023\/12\/zh-hans\/image-2-129x150.png 129w, https:\/\/randian-art.s3.ap-east-1.amazonaws.com\/2023\/12\/zh-hans\/image-2.png 528w\" sizes=\"(max-width: 528px) 100vw, 528px\" \/><figcaption class=\"wp-element-caption\">Bernar Venet, \u201cRelief Carton\u201d 1964, Industrial paint on cardboard , 49 x 33 x 12 cm<br>(image courtesy the artist and Blain Southern) C-020, Hall 11.2<\/figcaption><\/figure>\n\n\n\n<h1 class=\"wp-block-heading\"><strong>Gisela Capitain,&nbsp;<\/strong><strong>Hall 11.2 \/ Stand B 20<\/strong><\/h1>\n\n\n\n<figure class=\"wp-block-image\"><a href=\"https:\/\/www.randian-online.com\/wp-content\/uploads\/2018\/04\/2018_JF_0002-e1523977208758.jpg\"><img decoding=\"async\" src=\"https:\/\/www.randian-online.com\/wp-content\/uploads\/2018\/04\/2018_JF_0002-528x483.jpg\" alt=\"Jad\u00e9 Fadojutimi Clinginess is best served ripe, 2018 Oil on canvas 200 x 220 cm \u00a9 the artist, courtesy Galerie Gisela Capitain, Cologne Photo: Simon Vogel \" class=\"wp-image-97214\" \/><\/a><figcaption class=\"wp-element-caption\">Jad\u00e9 Fadojutimi, \u201cClinginess is best served ripe\u201d 2018, Oil on canvas, 200 x 220 cm<br>(\u00a9 the artist, image courtesy the artist and Galerie Gisela Capitain, Cologne. Photo: Simon Vogel)<\/figcaption><\/figure>\n\n\n\n<h1 class=\"wp-block-heading\"><strong>Galerie R\u00fcdiger Sch\u00f6ttle<\/strong><strong>,&nbsp;<\/strong><strong>Hall 11.2 \/ Stand D 11<\/strong><\/h1>\n\n\n\n<figure class=\"wp-block-image\"><a href=\"https:\/\/www.randian-online.com\/wp-content\/uploads\/2018\/04\/Schottle_7-Art-Cologne-2018.jpg\"><img decoding=\"async\" src=\"https:\/\/www.randian-online.com\/wp-content\/uploads\/2018\/04\/Schottle_7-Art-Cologne-2018-528x375.jpg\" alt=\"Galerie R\u00fcdiger Sch\u00f6ttle, Hall 11.2 \/ Stand D 11 is presenting works by J\u0101nis Avoti\u0146\u0161, Stephan Balkenhol, Thomas Ruff, Elif Saydam, Chen Wei and Sophie Reinhold in the NEW POSITIONS, Art Cologne\u2019s special solo-presentation platform. (Photo: Nicola Morittu)\" class=\"wp-image-97290\" \/><\/a><figcaption class=\"wp-element-caption\">Galerie R\u00fcdiger Sch\u00f6ttle, Hall 11.2 \/ Stand D 11 is presenting works by J\u0101nis Avoti\u0146\u0161, Stephan Balkenhol, Thomas Ruff, Elif Saydam, Chen Wei and Sophie Reinhold in the NEW POSITIONS, Art Cologne\u2019s special solo-presentation platform. (Photo: Nicola Morittu)<\/figcaption><\/figure>\n\n\n\n<h1 class=\"wp-block-heading\"><strong>Kraupa Tuskany Zeidler,&nbsp;<\/strong><strong>Hall 11.2, Booth B-039<\/strong><\/h1>\n\n\n\n<figure class=\"wp-block-image\"><a href=\"https:\/\/www.randian-online.com\/wp-content\/uploads\/2018\/04\/ST_Figa_2016.jpeg\"><img decoding=\"async\" src=\"https:\/\/www.randian-online.com\/wp-content\/uploads\/2018\/04\/ST_Figa_2016-528x792.jpeg\" alt=\"Slavs and Tatars, Figa, 2016 screen print on polished steel 200 x 78 cm. Edition 3\/3 + (1 AP) (image courtesy the artist and Kraupa-Tuskany Zeidler, Berlin)\" class=\"wp-image-97284\" \/><\/a><figcaption class=\"wp-element-caption\">lavs and Tatars, Figa, 2016, screen print on polished steel, 200 x 78 cm. Edition 3\/3 + (1 AP)<br>(image courtesy the artist and Kraupa-Tuskany Zeidler, Berlin)<\/figcaption><\/figure>\n","protected":false},"excerpt":{"rendered":"<p>Cologne is the source of Germany\u2019s conte &hellip; <a href=\"http:\/\/www.randian.art\/zh-hans\/art-cologne-2018-opens\/\">Continue reading <span class=\"meta-nav\">&rarr;<\/span><\/a><\/p>\n","protected":false},"author":7,"featured_media":16418,"comment_status":"open","ping_status":"open","sticky":false,"template":"","format":"standard","meta":[],"categories":[23],"tags":[450,11299,5316,11228,11301,11300,11302,11303,11305,11227,11304,7332,1215,483,11306],"yoast_head":"<!-- This site is optimized with the Yoast SEO plugin v20.8 - https:\/\/yoast.com\/wordpress\/plugins\/seo\/ -->\n<title>Art Cologne 2018 opens - \u71c3\u70b9 Ran Dian<\/title>\n<meta name=\"robots\" content=\"index, follow, max-snippet:-1, max-image-preview:large, max-video-preview:-1\" \/>\n<link rel=\"canonical\" href=\"http:\/\/www.randian.art\/art-cologne-2018-opens\/\" \/>\n<meta property=\"og:locale\" content=\"zh_CN\" \/>\n<meta property=\"og:type\" content=\"article\" \/>\n<meta property=\"og:title\" content=\"Art Cologne 2018 opens - \u71c3\u70b9 Ran Dian\" \/>\n<meta property=\"og:description\" content=\"Cologne is the source of Germany\u2019s conte &hellip; Continue reading &rarr;\" \/>\n<meta property=\"og:url\" content=\"http:\/\/www.randian.art\/art-cologne-2018-opens\/\" \/>\n<meta property=\"og:site_name\" content=\"\u71c3\u70b9 Ran Dian\" \/>\n<meta property=\"article:published_time\" content=\"2018-04-21T11:31:00+00:00\" \/>\n<meta property=\"article:modified_time\" content=\"2023-12-01T11:34:21+00:00\" \/>\n<meta property=\"og:image\" content=\"https:\/\/randian-art.s3.ap-east-1.amazonaws.com\/2023\/12\/2018_JF_0002-e1523977208758.jpg\" \/>\n\t<meta property=\"og:image:width\" content=\"660\" \/>\n\t<meta property=\"og:image:height\" content=\"604\" \/>\n\t<meta property=\"og:image:type\" content=\"image\/jpeg\" \/>\n<meta name=\"author\" content=\"Lien\" \/>\n<meta name=\"twitter:card\" content=\"summary_large_image\" \/>\n<meta name=\"twitter:label1\" content=\"\u4f5c\u8005\" \/>\n\t<meta name=\"twitter:data1\" content=\"Lien\" \/>\n\t<meta name=\"twitter:label2\" content=\"\u9884\u8ba1\u9605\u8bfb\u65f6\u95f4\" \/>\n\t<meta name=\"twitter:data2\" content=\"5\u5206\" \/>\n<script type=\"application\/ld+json\" class=\"yoast-schema-graph\">{\"@context\":\"https:\/\/schema.org\",\"@graph\":[{\"@type\":\"Article\",\"@id\":\"http:\/\/www.randian.art\/art-cologne-2018-opens\/#article\",\"isPartOf\":{\"@id\":\"http:\/\/www.randian.art\/art-cologne-2018-opens\/\"},\"author\":{\"name\":\"Lien\",\"@id\":\"http:\/\/www.randian.art\/#\/schema\/person\/52a3fdee246825a3356b50e0c44bbeeb\"},\"headline\":\"Art Cologne 2018 opens\",\"datePublished\":\"2018-04-21T11:31:00+00:00\",\"dateModified\":\"2023-12-01T11:34:21+00:00\",\"mainEntityOfPage\":{\"@id\":\"http:\/\/www.randian.art\/art-cologne-2018-opens\/\"},\"wordCount\":725,\"commentCount\":0,\"publisher\":{\"@id\":\"http:\/\/www.randian.art\/#organization\"},\"keywords\":[\"2018\",\"Art Cologne\",\"Art market\",\"art news\",\"Blain Southern\",\"Cologne\",\"Gisela Capitain\",\"Huang Yuanqing\",\"Kraupa-Tuskany Zeidler\",\"market news\",\"Nagel Draxler\",\"Pearl Lam\",\"Pearl Lam Galleries\",\"Spr\u00fcth Magers\",\"\u9ec3\u6df5\u9752\"],\"articleSection\":[\"News\"],\"inLanguage\":\"zh-CN\",\"potentialAction\":[{\"@type\":\"CommentAction\",\"name\":\"Comment\",\"target\":[\"http:\/\/www.randian.art\/art-cologne-2018-opens\/#respond\"]}]},{\"@type\":\"WebPage\",\"@id\":\"http:\/\/www.randian.art\/art-cologne-2018-opens\/\",\"url\":\"http:\/\/www.randian.art\/art-cologne-2018-opens\/\",\"name\":\"Art Cologne 2018 opens - \u71c3\u70b9 Ran Dian\",\"isPartOf\":{\"@id\":\"http:\/\/www.randian.art\/#website\"},\"datePublished\":\"2018-04-21T11:31:00+00:00\",\"dateModified\":\"2023-12-01T11:34:21+00:00\",\"breadcrumb\":{\"@id\":\"http:\/\/www.randian.art\/art-cologne-2018-opens\/#breadcrumb\"},\"inLanguage\":\"zh-CN\",\"potentialAction\":[{\"@type\":\"ReadAction\",\"target\":[\"http:\/\/www.randian.art\/art-cologne-2018-opens\/\"]}]},{\"@type\":\"BreadcrumbList\",\"@id\":\"http:\/\/www.randian.art\/art-cologne-2018-opens\/#breadcrumb\",\"itemListElement\":[{\"@type\":\"ListItem\",\"position\":1,\"name\":\"Home\",\"item\":\"http:\/\/www.randian.art\/zh-hans\/%e9%a6%96%e9%a1%b5\/\"},{\"@type\":\"ListItem\",\"position\":2,\"name\":\"Art Cologne 2018 opens\"}]},{\"@type\":\"WebSite\",\"@id\":\"http:\/\/www.randian.art\/#website\",\"url\":\"http:\/\/www.randian.art\/\",\"name\":\"\u71c3\u70b9 Ran Dian\",\"description\":\"art magazine\",\"publisher\":{\"@id\":\"http:\/\/www.randian.art\/#organization\"},\"potentialAction\":[{\"@type\":\"SearchAction\",\"target\":{\"@type\":\"EntryPoint\",\"urlTemplate\":\"http:\/\/www.randian.art\/?s={search_term_string}\"},\"query-input\":\"required name=search_term_string\"}],\"inLanguage\":\"zh-CN\"},{\"@type\":\"Organization\",\"@id\":\"http:\/\/www.randian.art\/#organization\",\"name\":\"\u71c3\u70b9 Ran Dian\",\"url\":\"http:\/\/www.randian.art\/\",\"logo\":{\"@type\":\"ImageObject\",\"inLanguage\":\"zh-CN\",\"@id\":\"http:\/\/www.randian.art\/#\/schema\/logo\/image\/\",\"url\":\"https:\/\/randian-art.s3.ap-east-1.amazonaws.com\/2022\/08\/Ran-Dian-logo-randian.png\",\"contentUrl\":\"https:\/\/randian-art.s3.ap-east-1.amazonaws.com\/2022\/08\/Ran-Dian-logo-randian.png\",\"width\":761,\"height\":118,\"caption\":\"\u71c3\u70b9 Ran Dian\"},\"image\":{\"@id\":\"http:\/\/www.randian.art\/#\/schema\/logo\/image\/\"}},{\"@type\":\"Person\",\"@id\":\"http:\/\/www.randian.art\/#\/schema\/person\/52a3fdee246825a3356b50e0c44bbeeb\",\"name\":\"Lien\",\"image\":{\"@type\":\"ImageObject\",\"inLanguage\":\"zh-CN\",\"@id\":\"http:\/\/www.randian.art\/#\/schema\/person\/image\/\",\"url\":\"http:\/\/0.gravatar.com\/avatar\/f5ab5bb6c17c650698ba234cd1af904a?s=96&d=mm&r=g\",\"contentUrl\":\"http:\/\/0.gravatar.com\/avatar\/f5ab5bb6c17c650698ba234cd1af904a?s=96&d=mm&r=g\",\"caption\":\"Lien\"},\"sameAs\":[\"http:\/\/www.randian.art\"],\"url\":\"http:\/\/www.randian.art\/zh-hans\/author\/lien\/\"}]}<\/script>\n<!-- \/ Yoast SEO plugin. -->","yoast_head_json":{"title":"Art Cologne 2018 opens - \u71c3\u70b9 Ran Dian","robots":{"index":"index","follow":"follow","max-snippet":"max-snippet:-1","max-image-preview":"max-image-preview:large","max-video-preview":"max-video-preview:-1"},"canonical":"http:\/\/www.randian.art\/art-cologne-2018-opens\/","og_locale":"zh_CN","og_type":"article","og_title":"Art Cologne 2018 opens - \u71c3\u70b9 Ran Dian","og_description":"Cologne is the source of Germany\u2019s conte &hellip; Continue reading &rarr;","og_url":"http:\/\/www.randian.art\/art-cologne-2018-opens\/","og_site_name":"\u71c3\u70b9 Ran Dian","article_published_time":"2018-04-21T11:31:00+00:00","article_modified_time":"2023-12-01T11:34:21+00:00","og_image":[{"width":660,"height":604,"url":"https:\/\/randian-art.s3.ap-east-1.amazonaws.com\/2023\/12\/2018_JF_0002-e1523977208758.jpg","type":"image\/jpeg"}],"author":"Lien","twitter_card":"summary_large_image","twitter_misc":{"\u4f5c\u8005":"Lien","\u9884\u8ba1\u9605\u8bfb\u65f6\u95f4":"5\u5206"},"schema":{"@context":"https:\/\/schema.org","@graph":[{"@type":"Article","@id":"http:\/\/www.randian.art\/art-cologne-2018-opens\/#article","isPartOf":{"@id":"http:\/\/www.randian.art\/art-cologne-2018-opens\/"},"author":{"name":"Lien","@id":"http:\/\/www.randian.art\/#\/schema\/person\/52a3fdee246825a3356b50e0c44bbeeb"},"headline":"Art Cologne 2018 opens","datePublished":"2018-04-21T11:31:00+00:00","dateModified":"2023-12-01T11:34:21+00:00","mainEntityOfPage":{"@id":"http:\/\/www.randian.art\/art-cologne-2018-opens\/"},"wordCount":725,"commentCount":0,"publisher":{"@id":"http:\/\/www.randian.art\/#organization"},"keywords":["2018","Art Cologne","Art market","art news","Blain Southern","Cologne","Gisela Capitain","Huang Yuanqing","Kraupa-Tuskany Zeidler","market news","Nagel Draxler","Pearl Lam","Pearl Lam Galleries","Spr\u00fcth Magers","\u9ec3\u6df5\u9752"],"articleSection":["News"],"inLanguage":"zh-CN","potentialAction":[{"@type":"CommentAction","name":"Comment","target":["http:\/\/www.randian.art\/art-cologne-2018-opens\/#respond"]}]},{"@type":"WebPage","@id":"http:\/\/www.randian.art\/art-cologne-2018-opens\/","url":"http:\/\/www.randian.art\/art-cologne-2018-opens\/","name":"Art Cologne 2018 opens - \u71c3\u70b9 Ran Dian","isPartOf":{"@id":"http:\/\/www.randian.art\/#website"},"datePublished":"2018-04-21T11:31:00+00:00","dateModified":"2023-12-01T11:34:21+00:00","breadcrumb":{"@id":"http:\/\/www.randian.art\/art-cologne-2018-opens\/#breadcrumb"},"inLanguage":"zh-CN","potentialAction":[{"@type":"ReadAction","target":["http:\/\/www.randian.art\/art-cologne-2018-opens\/"]}]},{"@type":"BreadcrumbList","@id":"http:\/\/www.randian.art\/art-cologne-2018-opens\/#breadcrumb","itemListElement":[{"@type":"ListItem","position":1,"name":"Home","item":"http:\/\/www.randian.art\/zh-hans\/%e9%a6%96%e9%a1%b5\/"},{"@type":"ListItem","position":2,"name":"Art Cologne 2018 opens"}]},{"@type":"WebSite","@id":"http:\/\/www.randian.art\/#website","url":"http:\/\/www.randian.art\/","name":"\u71c3\u70b9 Ran Dian","description":"art magazine","publisher":{"@id":"http:\/\/www.randian.art\/#organization"},"potentialAction":[{"@type":"SearchAction","target":{"@type":"EntryPoint","urlTemplate":"http:\/\/www.randian.art\/?s={search_term_string}"},"query-input":"required name=search_term_string"}],"inLanguage":"zh-CN"},{"@type":"Organization","@id":"http:\/\/www.randian.art\/#organization","name":"\u71c3\u70b9 Ran Dian","url":"http:\/\/www.randian.art\/","logo":{"@type":"ImageObject","inLanguage":"zh-CN","@id":"http:\/\/www.randian.art\/#\/schema\/logo\/image\/","url":"https:\/\/randian-art.s3.ap-east-1.amazonaws.com\/2022\/08\/Ran-Dian-logo-randian.png","contentUrl":"https:\/\/randian-art.s3.ap-east-1.amazonaws.com\/2022\/08\/Ran-Dian-logo-randian.png","width":761,"height":118,"caption":"\u71c3\u70b9 Ran Dian"},"image":{"@id":"http:\/\/www.randian.art\/#\/schema\/logo\/image\/"}},{"@type":"Person","@id":"http:\/\/www.randian.art\/#\/schema\/person\/52a3fdee246825a3356b50e0c44bbeeb","name":"Lien","image":{"@type":"ImageObject","inLanguage":"zh-CN","@id":"http:\/\/www.randian.art\/#\/schema\/person\/image\/","url":"http:\/\/0.gravatar.com\/avatar\/f5ab5bb6c17c650698ba234cd1af904a?s=96&d=mm&r=g","contentUrl":"http:\/\/0.gravatar.com\/avatar\/f5ab5bb6c17c650698ba234cd1af904a?s=96&d=mm&r=g","caption":"Lien"},"sameAs":["http:\/\/www.randian.art"],"url":"http:\/\/www.randian.art\/zh-hans\/author\/lien\/"}]}},"_links":{"self":[{"href":"http:\/\/www.randian.art\/zh-hans\/wp-json\/wp\/v2\/posts\/16411"}],"collection":[{"href":"http:\/\/www.randian.art\/zh-hans\/wp-json\/wp\/v2\/posts"}],"about":[{"href":"http:\/\/www.randian.art\/zh-hans\/wp-json\/wp\/v2\/types\/post"}],"author":[{"embeddable":true,"href":"http:\/\/www.randian.art\/zh-hans\/wp-json\/wp\/v2\/users\/7"}],"replies":[{"embeddable":true,"href":"http:\/\/www.randian.art\/zh-hans\/wp-json\/wp\/v2\/comments?post=16411"}],"version-history":[{"count":1,"href":"http:\/\/www.randian.art\/zh-hans\/wp-json\/wp\/v2\/posts\/16411\/revisions"}],"predecessor-version":[{"id":16421,"href":"http:\/\/www.randian.art\/zh-hans\/wp-json\/wp\/v2\/posts\/16411\/revisions\/16421"}],"wp:featuredmedia":[{"embeddable":true,"href":"http:\/\/www.randian.art\/zh-hans\/wp-json\/wp\/v2\/media\/16418"}],"wp:attachment":[{"href":"http:\/\/www.randian.art\/zh-hans\/wp-json\/wp\/v2\/media?parent=16411"}],"wp:term":[{"taxonomy":"category","embeddable":true,"href":"http:\/\/www.randian.art\/zh-hans\/wp-json\/wp\/v2\/categories?post=16411"},{"taxonomy":"post_tag","embeddable":true,"href":"http:\/\/www.randian.art\/zh-hans\/wp-json\/wp\/v2\/tags?post=16411"}],"curies":[{"name":"wp","href":"https:\/\/api.w.org\/{rel}","templated":true}]}}